{"id":999,"date":"2026-04-28T15:01:08","date_gmt":"2026-04-28T15:01:08","guid":{"rendered":"https:\/\/diyamedia.fr\/?p=999"},"modified":"2026-04-28T17:42:50","modified_gmt":"2026-04-28T17:42:50","slug":"les-centres-fermes-des-conditions-de-vie-acceptables","status":"publish","type":"post","link":"https:\/\/diyamedia.fr\/en\/2026\/04\/28\/les-centres-fermes-des-conditions-de-vie-acceptables\/","title":{"rendered":"Les centres ferm\u00e9s : des conditions de vie acceptables ?"},"content":{"rendered":"<p><br>Depuis 1988, la Belgique recourt \u00e0 la d\u00e9tention administrative. Chaque ann\u00e9e, des milliers de personnes se retrouvent en centres ferm\u00e9s. Les conditions de vie dans ces structures sont de plus en plus contest\u00e9es, d\u00e9nonc\u00e9es et condamn\u00e9es.<\/p>\n\n\n\n<figure class=\"wp-block-image size-large\"><img fetchpriority=\"high\" decoding=\"async\" width=\"1024\" height=\"675\" src=\"https:\/\/diyamedia.fr\/wp-content\/uploads\/2026\/04\/ye-jinghan-T5roX1jajzU-unsplash-1024x675.jpg\" alt=\"\" class=\"wp-image-1000\" srcset=\"https:\/\/diyamedia.fr\/wp-content\/uploads\/2026\/04\/ye-jinghan-T5roX1jajzU-unsplash-1024x675.jpg 1024w, https:\/\/diyamedia.fr\/wp-content\/uploads\/2026\/04\/ye-jinghan-T5roX1jajzU-unsplash-300x198.jpg 300w, https:\/\/diyamedia.fr\/wp-content\/uploads\/2026\/04\/ye-jinghan-T5roX1jajzU-unsplash-768x506.jpg 768w, https:\/\/diyamedia.fr\/wp-content\/uploads\/2026\/04\/ye-jinghan-T5roX1jajzU-unsplash-1536x1012.jpg 1536w, https:\/\/diyamedia.fr\/wp-content\/uploads\/2026\/04\/ye-jinghan-T5roX1jajzU-unsplash-2048x1350.jpg 2048w, https:\/\/diyamedia.fr\/wp-content\/uploads\/2026\/04\/ye-jinghan-T5roX1jajzU-unsplash-18x12.jpg 18w, https:\/\/diyamedia.fr\/wp-content\/uploads\/2026\/04\/ye-jinghan-T5roX1jajzU-unsplash-1320x870.jpg 1320w\" sizes=\"(max-width: 1024px) 100vw, 1024px\" \/><\/figure>\n\n\n\n<p>La Belgique compte actuellement six centres ferm\u00e9s, o\u00f9 sont d\u00e9tenues des personnes en s\u00e9jour irr\u00e9gulier. Priv\u00e9es de libert\u00e9, elles y sont maintenues dans l\u2019attente de leur expulsion. Ces centres sont organis\u00e9s et g\u00e9r\u00e9s par l\u2019Office des \u00e9trangers. Peu connus du grand public, ces centres accueillent des hommes, des femmes et parfois des enfants. Pour l\u2019\u00c9tat belge, cette d\u00e9tention est consid\u00e9r\u00e9e comme une mesure visant \u00e0 permettre l\u2019ex\u00e9cution d\u2019une expulsion, et non comme une sanction.&nbsp;<\/p>\n\n\n\n<p>En principe, la d\u00e9tention ne peut exc\u00e9der deux mois. Elle peut toutefois \u00eatre prolong\u00e9e une premi\u00e8re fois sous certaines conditions, puis jusqu\u2019\u00e0 un maximum de huit mois, sur d\u00e9cision du ministre comp\u00e9tent et en cas de menace pour l\u2019ordre public. Dans la pratique, ces d\u00e9lais, d\u00e9j\u00e0 longs, ne sont pas toujours respect\u00e9s. <\/p>\n\n\n\n<p><strong>Un syst\u00e8me d\u00e9nonc\u00e9 pour ses atteintes aux droits humains<\/strong><\/p>\n\n\n\n<p>Ces dix derni\u00e8res ann\u00e9es, la Belgique a \u00e9t\u00e9 condamn\u00e9e \u00e0 plusieurs reprises par la Cour europ\u00e9enne des droits de l\u2019homme, \u00e0 la suite de recours introduits par des personnes d\u00e9tenues. En 2018, le pays a par ailleurs r\u00e9introduit une pratique abandonn\u00e9e depuis plusieurs ann\u00e9es : la d\u00e9tention d\u2019enfants. Selon Amnesty International, entre ao\u00fbt 2018 et avril 2019, 20 enfants ont \u00e9t\u00e9 plac\u00e9s en centre ferm\u00e9. Cette pratique a \u00e9t\u00e9 suspendue en 2019 par le Conseil d\u2019\u00c9tat. La question de l\u2019enfermement des mineurs continue de susciter de vives r\u00e9actions dans l\u2019opinion publique.<\/p>\n\n\n\n<p>En 2025, une grande col\u00e8re a \u00e9clat\u00e9 suite au suicide de Mahmoud Ezzat Farag Allah, un Palestinien de 26 ans d\u00e9tenu au centre 127bis. Il \u00e9tait la troisi\u00e8me personne \u00e0 se donner la mort dans un centre ferm\u00e9 en moins de deux ans. Cet \u00e9v\u00e9nement a provoqu\u00e9 des manifestations devant le centre situ\u00e9 \u00e0 Steenokkerzeel. De nombreuses personnes ont alors d\u00e9nonc\u00e9 des conditions de vie jug\u00e9es inhumaines.\u00a0<\/p>\n\n\n\n<p>Une atteinte \u00e0 la dignit\u00e9 est \u00e9voqu\u00e9e. De nombreuses personnes signalent une d\u00e9t\u00e9rioration de leur sant\u00e9 physique et mentale depuis leur arriv\u00e9e, sans recevoir des soins adapt\u00e9s. En centre ferm\u00e9, la d\u00e9tention entra\u00eene parfois une s\u00e9paration familiale, aggravant la situation des personnes d\u00e9tenues.<\/p>\n\n\n\n<p><strong>Les centres ferm\u00e9s, une politique en pleine expansion<\/strong><\/p>\n\n\n\n<p>Trois nouveaux centres devraient ouvrir d\u2019ici 2030. En effet, en janvier 2026, il a \u00e9t\u00e9 annonc\u00e9 qu\u2019un nouveau centre ferm\u00e9 pourrait prochainement voir le jour \u00e0 Jumet. Le ministre Desquesnes a accord\u00e9 le permis d\u2019urbanisme. Ce projet pr\u00e9voit l\u2019accueil de plusieurs centaines de personnes en s\u00e9jour irr\u00e9gulier. Une question demeure toutefois au sein de la population : est-il l\u00e9gitime de priver de libert\u00e9 des personnes dont le seul \u00ab d\u00e9lit \u00bb est de ne pas disposer d\u2019un titre de s\u00e9jour ?<\/p>\n\n\n\n<p><\/p>\n\n\n\n<p>Source :<\/p>\n\n\n\n<figure class=\"wp-block-embed\"><div class=\"wp-block-embed__wrapper\">\nhttps:\/\/www.amnesty.be\/infos\/actualites\/article\/belgique-condamnee-detenu-enfants-migrants\n<\/div><\/figure>\n\n\n\n<figure class=\"wp-block-embed\"><div class=\"wp-block-embed__wrapper\">\nhttps:\/\/www.cire.be\/wp-content\/uploads\/2017\/08\/brochures-les-centres-fermes-web.pdf\n<\/div><\/figure>\n\n\n\n<figure class=\"wp-block-embed is-type-wp-embed is-provider-jeunesse-amp-droit wp-block-embed-jeunesse-amp-droit\"><div class=\"wp-block-embed__wrapper\">\n<blockquote class=\"wp-embedded-content\" data-secret=\"VVZnB8P5SU\"><a href=\"https:\/\/www.jeunesseetdroit.be\/centres-fermes-familles-et-enfants\/\">Centres ferm\u00e9s, familles et enfants<\/a><\/blockquote><iframe class=\"wp-embedded-content\" sandbox=\"allow-scripts\" security=\"restricted\" style=\"position: absolute; visibility: hidden;\" title=\"\u00ab\u00a0Centres ferm\u00e9s, familles et enfants\u00a0\u00bb &#8212; Jeunesse &amp; Droit\" src=\"https:\/\/www.jeunesseetdroit.be\/centres-fermes-familles-et-enfants\/embed\/#?secret=tjKq91sg2s#?secret=VVZnB8P5SU\" data-secret=\"VVZnB8P5SU\" width=\"600\" height=\"338\" frameborder=\"0\" marginwidth=\"0\" marginheight=\"0\" scrolling=\"no\"><\/iframe>\n<\/div><\/figure>\n\n\n\n<figure class=\"wp-block-embed\"><div class=\"wp-block-embed__wrapper\">\nhttps:\/\/www.lesoir.be\/704438\/article\/2025-10-12\/la-colere-ne-faiblit-pas-apres-le-suicide-dun-palestinien-au-centre-ferme-de\n<\/div><\/figure>\n\n\n\n<figure class=\"wp-block-embed\"><div class=\"wp-block-embed__wrapper\">\nhttps:\/\/www.rtbf.be\/article\/jumet-devrait-accueillir-un-nouveau-centre-ferme-le-ministre-desquesnes-donne-son-feu-vert-au-permis-d-urbanisme-11662278\n<\/div><\/figure>","protected":false},"excerpt":{"rendered":"<p>Depuis 1988, la Belgique recourt \u00e0 la d\u00e9tention administrative. Chaque ann\u00e9e, des milliers de personnes se retrouvent en centres ferm\u00e9s. Les conditions de vie dans ces structures sont de plus en plus contest\u00e9es, d\u00e9nonc\u00e9es et condamn\u00e9es. La Belgique compte actuellement six centres ferm\u00e9s, o\u00f9 sont d\u00e9tenues des personnes en s\u00e9jour irr\u00e9gulier. Priv\u00e9es de libert\u00e9, elles [&hellip;]<\/p>","protected":false},"author":17,"featured_media":0,"comment_status":"open","ping_status":"open","sticky":false,"template":"","format":"standard","meta":{"footnotes":""},"categories":[22],"tags":[],"class_list":["post-999","post","type-post","status-publish","format-standard","hentry","category-politique-redaction"],"rttpg_featured_image_url":null,"rttpg_author":{"display_name":"Lou de Backer","author_link":"https:\/\/diyamedia.fr\/en\/author\/lou\/"},"rttpg_comment":0,"rttpg_category":"<a href=\"https:\/\/diyamedia.fr\/en\/category\/redaction\/politique-redaction\/\" rel=\"category tag\">Politique<\/a>","rttpg_excerpt":"Depuis 1988, la Belgique recourt \u00e0 la d\u00e9tention administrative. Chaque ann\u00e9e, des milliers de personnes se retrouvent en centres ferm\u00e9s. Les conditions de vie dans ces structures sont de plus en plus contest\u00e9es, d\u00e9nonc\u00e9es et condamn\u00e9es. La Belgique compte actuellement six centres ferm\u00e9s, o\u00f9 sont d\u00e9tenues des personnes en s\u00e9jour irr\u00e9gulier. Priv\u00e9es de libert\u00e9, elles&hellip;","_links":{"self":[{"href":"https:\/\/diyamedia.fr\/en\/wp-json\/wp\/v2\/posts\/999","targetHints":{"allow":["GET"]}}],"collection":[{"href":"https:\/\/diyamedia.fr\/en\/wp-json\/wp\/v2\/posts"}],"about":[{"href":"https:\/\/diyamedia.fr\/en\/wp-json\/wp\/v2\/types\/post"}],"author":[{"embeddable":true,"href":"https:\/\/diyamedia.fr\/en\/wp-json\/wp\/v2\/users\/17"}],"replies":[{"embeddable":true,"href":"https:\/\/diyamedia.fr\/en\/wp-json\/wp\/v2\/comments?post=999"}],"version-history":[{"count":1,"href":"https:\/\/diyamedia.fr\/en\/wp-json\/wp\/v2\/posts\/999\/revisions"}],"predecessor-version":[{"id":1002,"href":"https:\/\/diyamedia.fr\/en\/wp-json\/wp\/v2\/posts\/999\/revisions\/1002"}],"wp:attachment":[{"href":"https:\/\/diyamedia.fr\/en\/wp-json\/wp\/v2\/media?parent=999"}],"wp:term":[{"taxonomy":"category","embeddable":true,"href":"https:\/\/diyamedia.fr\/en\/wp-json\/wp\/v2\/categories?post=999"},{"taxonomy":"post_tag","embeddable":true,"href":"https:\/\/diyamedia.fr\/en\/wp-json\/wp\/v2\/tags?post=999"}],"curies":[{"name":"wp","href":"https:\/\/api.w.org\/{rel}","templated":true}]}}