{"id":939,"date":"2026-04-22T14:22:25","date_gmt":"2026-04-22T14:22:25","guid":{"rendered":"https:\/\/diyamedia.fr\/?p=939"},"modified":"2026-04-22T14:33:47","modified_gmt":"2026-04-22T14:33:47","slug":"etterbeek-mobilisation-citoyenne-contre-lavant-projet-de-loi-sur-les-visites-domiciliaires","status":"publish","type":"post","link":"https:\/\/diyamedia.fr\/en\/2026\/04\/22\/etterbeek-mobilisation-citoyenne-contre-lavant-projet-de-loi-sur-les-visites-domiciliaires\/","title":{"rendered":"Etterbeek : mobilisation citoyenne contre l\u2019avant-projet de loi sur les\u00a0visites domiciliaires"},"content":{"rendered":"<p>Par <em>Yanis Olivier<\/em>&nbsp;et&nbsp;<em>Louis Reinier<\/em><\/p>\n\n\n\n<p><strong>Ce lundi 20 avril s\u2019est tenu un rassemblement devant le conseil communal d&rsquo;Etterbeek, en marge de la s\u00e9ance pr\u00e9vue. Une centaine de personnes ont exprim\u00e9 leur d\u00e9saccord avec l\u2019avant-projet de loi relatif aux visites domiciliaires, approuv\u00e9 par le Conseil des ministres le 3 avril dernier. La police est intervenue pour limiter l\u2019acc\u00e8s d\u2019une partie des participants \u00e0 l\u2019assembl\u00e9e, qui n\u2019a pas manqu\u00e9 d\u2019\u00e9voquer le sujet.<\/strong><\/p>\n\n\n\n<p>Le 3 avril 2026, dans un communiqu\u00e9, le gouvernement f\u00e9d\u00e9ral indiquait que le Conseil des ministres avait approuv\u00e9 en deuxi\u00e8me lecture un avant-projet modifiant la loi du 15 d\u00e9cembre 1980. Celui-ci pr\u00e9voit la possibilit\u00e9 de visites domiciliaires, moyennant l\u2019autorisation d\u2019un juge d\u2019instruction. L\u2019avant-projet concerne le cas&nbsp;\u00ab&nbsp;<em>d\u2019\u00e9trangers qui font l\u2019objet d\u2019une mesure ex\u00e9cutoire d\u2019\u00e9loignement (au sens large), qui ne coop\u00e8rent pas \u00e0 l\u2019ex\u00e9cution de celle-ci et qui repr\u00e9sentent un risque pour l\u2019ordre public ou la s\u00e9curit\u00e9 nationale<\/em>&nbsp;\u00bb.&nbsp;Il a \u00e9t\u00e9 transmis pour avis au Conseil d\u2019\u00c9tat.<\/p>\n\n\n\n<p>Ce texte a suscit\u00e9 des critiques de la part de certains habitants d\u2019Etterbeek. Pr\u00e8s d\u2019une centaine de personnes se sont r\u00e9unies ce lundi 20 avril devant la maison communale, munies de pancartes et de mat\u00e9riel sonore.&nbsp;Edm\u00e9e Lambert, qui a coorganis\u00e9 la mobilisation, explique :&nbsp;\u00ab&nbsp;<em>Notre belle commune a le joli titre de<\/em>&nbsp;\u201c<em>Commune hospitali\u00e8re\u201d, nous voudrions bien qu&rsquo;elle le mette en pratique.<\/em>&nbsp;\u00bb<\/p>\n\n\n\n<p>Apr\u00e8s plusieurs prises de parole, les organisateurs ont invit\u00e9 les participants \u00e0 assister \u00e0 la s\u00e9ance pl\u00e9ni\u00e8re pr\u00e9vue. La majorit\u00e9 d\u2019entre eux n\u2019a toutefois pas pu entrer dans le b\u00e2timent, l\u2019acc\u00e8s ayant \u00e9t\u00e9 limit\u00e9 par la police. Les personnes rest\u00e9es \u00e0 l\u2019ext\u00e9rieur ont continu\u00e9 leur action \u00e0 l\u2019aide de chants, de tambours et d\u2019applaudissements.<\/p>\n\n\n\n<p><strong>Mobilisation et motion au c\u0153ur des d\u00e9bats communaux<\/strong><\/p>\n\n\n\n<p>La mobilisation a fait l\u2019objet de discussions durant l\u2019assembl\u00e9e. Le bourgmestre Vincent De Wolf (MR) a ouvert la s\u00e9ance en d\u00e9clarant : \u00ab&nbsp;<em>Je n\u2019aurais \u00e9videmment pas permis que des personnes viennent avec des instruments d\u2019amplification sonore ou avec des pancartes.&nbsp;<\/em>\u00bb Du c\u00f4t\u00e9 de l\u2019opposition, Thibault Deleixhe (Ecolo) a exprim\u00e9 sa solidarit\u00e9 avec les participants : \u00ab&nbsp;<em>Il est important dans une d\u00e9mocratie de se mobiliser et de se battre pour ses opinions&nbsp;<\/em>\u00bb.<\/p>\n\n\n\n<p>Toutefois, le d\u00e9bat qui a pris le plus de place au d\u00e9but du conseil \u00e9tait l\u2019absence d\u2019une motion relative aux visites domiciliaires \u00e0 l\u2019ordre du jour. Son inscription avait \u00e9t\u00e9 demand\u00e9e par le conseiller communal Ecolo. Le bourgmestre a abord\u00e9 le sujet, expliquant que : \u00ab&nbsp;<em>Le coll\u00e8ge unanime a suivi la d\u00e9cision du 13 octobre 2025, o\u00f9 il avait convenu d\u2019attendre l\u2019avis du coll\u00e8ge f\u00e9d\u00e9ral. Nous n\u2019avons pas la comp\u00e9tence de la Section l\u00e9gislation du Conseil d\u2019\u00c9tat. Nous sommes tenus de ne pas mettre la discussion \u00e0 l\u2019ordre du jour tant que ce document l\u00e9gislatif n\u2019est pas accessible et officiellement d\u00e9pos\u00e9.<\/em>&nbsp;\u00bb<\/p>\n\n\n\n<p>Pour sa part, l\u2019\u00e9lu Ecolo exprime son d\u00e9saccord. Il \u00e9voque l\u2019article 5 du r\u00e8glement d\u2019ordre int\u00e9rieur du Conseil communal d\u2019Etterbeek, qui permet aux conseillers d\u2019interpeller le coll\u00e8ge sur la mani\u00e8re dont il exerce ses comp\u00e9tences. Il ajoute que \u00ab&nbsp;<em>s\u2019arr\u00eater \u00e0 l\u2019\u00e9tat du texte est un peu court pour justifier de ne pas mettre cette motion \u00e0 l\u2019ordre du jour&nbsp;<\/em>\u00bb.<\/p>\n\n\n\n<p>Le bourgmestre Vincent De Wolf (MR) reste quant \u00e0 lui ouvert sur le sujet : \u00ab&nbsp;<em>Si la Section l\u00e9gislation du Conseil d\u2019\u00c9tat vient nourrir les critiques d\u2019un certain nombre de milieux qui se sont exprim\u00e9s sur des textes qui ne sont pas d\u00e9finitifs, ce sera quelque chose que l\u2019on pourrait utiliser pour ouvrir le d\u00e9bat pleinement ici. Chacun peut avoir des opinions diff\u00e9rentes et les deux sont respectables<\/em>. \u00bb<\/p>","protected":false},"excerpt":{"rendered":"<p>Par Yanis Olivier&nbsp;et&nbsp;Louis Reinier Ce lundi 20 avril s\u2019est tenu un rassemblement devant le conseil communal d&rsquo;Etterbeek, en marge de la s\u00e9ance pr\u00e9vue. Une centaine de personnes ont exprim\u00e9 leur d\u00e9saccord avec l\u2019avant-projet de loi relatif aux visites domiciliaires, approuv\u00e9 par le Conseil des ministres le 3 avril dernier. La police est intervenue pour limiter [&hellip;]<\/p>","protected":false},"author":33,"featured_media":947,"comment_status":"open","ping_status":"open","sticky":false,"template":"","format":"standard","meta":{"footnotes":""},"categories":[22,13],"tags":[],"class_list":["post-939","post","type-post","status-publish","format-standard","has-post-thumbnail","hentry","category-politique-redaction","category-societe"],"rttpg_featured_image_url":{"full":["https:\/\/diyamedia.fr\/wp-content\/uploads\/2026\/04\/20260420_195824-1-scaled.jpg",2560,1727,false],"landscape":["https:\/\/diyamedia.fr\/wp-content\/uploads\/2026\/04\/20260420_195824-1-scaled.jpg",2560,1727,false],"portraits":["https:\/\/diyamedia.fr\/wp-content\/uploads\/2026\/04\/20260420_195824-1-scaled.jpg",2560,1727,false],"thumbnail":["https:\/\/diyamedia.fr\/wp-content\/uploads\/2026\/04\/20260420_195824-1-150x150.jpg",150,150,true],"medium":["https:\/\/diyamedia.fr\/wp-content\/uploads\/2026\/04\/20260420_195824-1-300x202.jpg",300,202,true],"large":["https:\/\/diyamedia.fr\/wp-content\/uploads\/2026\/04\/20260420_195824-1-1024x691.jpg",640,432,true],"1536x1536":["https:\/\/diyamedia.fr\/wp-content\/uploads\/2026\/04\/20260420_195824-1-1536x1036.jpg",1536,1036,true],"2048x2048":["https:\/\/diyamedia.fr\/wp-content\/uploads\/2026\/04\/20260420_195824-1-2048x1382.jpg",2048,1382,true],"trp-custom-language-flag":["https:\/\/diyamedia.fr\/wp-content\/uploads\/2026\/04\/20260420_195824-1-18x12.jpg",18,12,true],"mailpoet_newsletter_max":["https:\/\/diyamedia.fr\/wp-content\/uploads\/2026\/04\/20260420_195824-1-1320x891.jpg",1320,891,true],"yarpp-thumbnail":["https:\/\/diyamedia.fr\/wp-content\/uploads\/2026\/04\/20260420_195824-1-120x120.jpg",120,120,true]},"rttpg_author":{"display_name":"Louis Reinier","author_link":"https:\/\/diyamedia.fr\/en\/author\/louis\/"},"rttpg_comment":0,"rttpg_category":"<a href=\"https:\/\/diyamedia.fr\/en\/category\/redaction\/politique-redaction\/\" rel=\"category tag\">Politique<\/a> <a href=\"https:\/\/diyamedia.fr\/en\/category\/redaction\/societe\/\" rel=\"category tag\">Soci\u00e9t\u00e9<\/a>","rttpg_excerpt":"Par Yanis Olivier&nbsp;et&nbsp;Louis Reinier Ce lundi 20 avril s\u2019est tenu un rassemblement devant le conseil communal d&rsquo;Etterbeek, en marge de la s\u00e9ance pr\u00e9vue. Une centaine de personnes ont exprim\u00e9 leur d\u00e9saccord avec l\u2019avant-projet de loi relatif aux visites domiciliaires, approuv\u00e9 par le Conseil des ministres le 3 avril dernier. La police est intervenue pour limiter&hellip;","_links":{"self":[{"href":"https:\/\/diyamedia.fr\/en\/wp-json\/wp\/v2\/posts\/939","targetHints":{"allow":["GET"]}}],"collection":[{"href":"https:\/\/diyamedia.fr\/en\/wp-json\/wp\/v2\/posts"}],"about":[{"href":"https:\/\/diyamedia.fr\/en\/wp-json\/wp\/v2\/types\/post"}],"author":[{"embeddable":true,"href":"https:\/\/diyamedia.fr\/en\/wp-json\/wp\/v2\/users\/33"}],"replies":[{"embeddable":true,"href":"https:\/\/diyamedia.fr\/en\/wp-json\/wp\/v2\/comments?post=939"}],"version-history":[{"count":8,"href":"https:\/\/diyamedia.fr\/en\/wp-json\/wp\/v2\/posts\/939\/revisions"}],"predecessor-version":[{"id":949,"href":"https:\/\/diyamedia.fr\/en\/wp-json\/wp\/v2\/posts\/939\/revisions\/949"}],"wp:featuredmedia":[{"embeddable":true,"href":"https:\/\/diyamedia.fr\/en\/wp-json\/wp\/v2\/media\/947"}],"wp:attachment":[{"href":"https:\/\/diyamedia.fr\/en\/wp-json\/wp\/v2\/media?parent=939"}],"wp:term":[{"taxonomy":"category","embeddable":true,"href":"https:\/\/diyamedia.fr\/en\/wp-json\/wp\/v2\/categories?post=939"},{"taxonomy":"post_tag","embeddable":true,"href":"https:\/\/diyamedia.fr\/en\/wp-json\/wp\/v2\/tags?post=939"}],"curies":[{"name":"wp","href":"https:\/\/api.w.org\/{rel}","templated":true}]}}