{"id":905,"date":"2026-04-21T07:35:06","date_gmt":"2026-04-21T07:35:06","guid":{"rendered":"https:\/\/diyamedia.fr\/?p=905"},"modified":"2026-04-21T08:05:36","modified_gmt":"2026-04-21T08:05:36","slug":"manifester-un-droit-mis-a-mal-a-bruxelles","status":"publish","type":"post","link":"https:\/\/diyamedia.fr\/en\/2026\/04\/21\/manifester-un-droit-mis-a-mal-a-bruxelles\/","title":{"rendered":"Manifester, un droit mis \u00e0 mal \u00e0 Bruxelles"},"content":{"rendered":"<p>\u00ab<em>Oh merde j\u2019ai d\u00e9j\u00e0 plus de gaz dans ma bombe lacrymog\u00e8ne<\/em>\u00a0\u00bb s\u2019exclamait un policier lors de la gr\u00e8ve g\u00e9n\u00e9rale du 12 mars.\u00a0Les violences polici\u00e8res en manifestations s\u2019intensifient dans la capitale.<\/p>\n\n\n\n<p>\u00ab&nbsp;<em>Tout le monde d\u00e9teste la police<\/em>&nbsp;\u00bb, si ce slogan est tr\u00e8s fr\u00e9quemment scand\u00e9 dans les cort\u00e8ges, on oublie bien souvent la fin du chant \u00ab&nbsp;<em>et la police d\u00e9teste tout le monde<\/em>&nbsp;\u00bb. Elle est pourtant plus repr\u00e9sentative du climat observ\u00e9 lors des derni\u00e8res manifestations \u00e0 Bruxelles. En effet, les forces de l\u2019ordre semblent profiter de la moindre occasion pour user de leurs bombes lacrymog\u00e8nes et multiplier les coups de matraque.<\/p>\n\n\n\n<p>En juin 2025 , l\u2019Institut F\u00e9d\u00e9ral pour la Protection et la Promotion des Droits Humains (IFDH), alertait de la pression grandissante vis-\u00e0-vis du droit de manifester. Rappelons qu\u2019il s\u2019agit d\u2019un des fondements de la d\u00e9mocratie. Le droit de se r\u00e9unir pacifiquement est un principe clef du d\u00e9bat public. Le rapport de l\u2019IFDH, mettait en avant plusieurs tendances pr\u00e9occupantes telles que les arrestations arbitraires, les amendes administratives communales (SAC), ou encore les risques de poursuite p\u00e9nale.<\/p>\n\n\n\n<p><strong>Les <\/strong><strong>autorit\u00e9s tapent dans le tas<\/strong><\/p>\n\n\n\n<p>Au-del\u00e0 des arrestations massives et souvent injustifi\u00e9es qui ont lieu lors des protestations, c\u2019est la violence des interventions qui choque. Les bruxellois.es ont encore en t\u00eate la marche du 14 octobre dernier, qui avait fait une dizaine de bless\u00e9s graves . Et, au cours de laquelle, des stands associatifs et syndicaux avaient \u00e9t\u00e9 asperg\u00e9s par les bombes lacrymog\u00e8nes et les autopompes&nbsp;.<\/p>\n\n\n\n<p>Autre \u00e9v\u00e9nement marquant \u00e0 la suite d\u2019une manifestation\u00a0: la gr\u00e8ve\u00a0g\u00e9n\u00e9rale du 12 mars. Au cours de celle-ci, la police a arr\u00eat\u00e9 pr\u00e8s d\u2019une cinquantaine de personnes et trois bless\u00e9s ont \u00e9t\u00e9 recens\u00e9s dont une souffrant d\u2019une h\u00e9morragie interne. Les autorit\u00e9s disent \u00eatre intervenues en raison de graffitis faits sur la Beobank du boulevard du R\u00e9gent. Pourtant ces derni\u00e8res ont nass\u00e9 le cort\u00e8ge des antifascistes plus loin au niveau de l\u2019ambassade am\u00e9ricaine.<\/p>\n\n\n\n<p>Pour rappel, la nasse consiste \u00e0 encercler les manifestants de sorte \u00e0 ce que l\u2019attroupement ne puisse plus bouger. Cette pratique est souvent utilis\u00e9e par la police. Et pourtant, elle est dans bien des cas ill\u00e9gale. Son usage ne peut se faire que dans des conditions tr\u00e8s sp\u00e9cifiques. Selon l\u2019article 11 de la Convention europ\u00e9enne des droits de l\u2019homme son recours doit \u00eatre n\u00e9cessaire et proportionn\u00e9. Conditions qui ne semblaient pas r\u00e9unies le 12 mars d\u2019apr\u00e8s le t\u00e9moignage d\u2019une manifestante.<\/p>\n\n\n\n<figure class=\"wp-block-pullquote\"><blockquote><p>\u00ab Ma chance c\u2019est d\u2019avoir \u00e9t\u00e9 bless\u00e9e pour fuir les griffes de la police\u00bb<\/p><\/blockquote><\/figure>\n\n\n\n<p>Natacha (pr\u00e9nom d\u2019emprunt) d\u00e9filait dans les rues lors de la gr\u00e8ve g\u00e9n\u00e9rale aux c\u00f4t\u00e9s du groupe Antifasciste. Cette jeune engag\u00e9e de 21 ans, n\u2019en \u00e9tait pas \u00e0 sa premi\u00e8re manifestation, mais elle \u00e9tait loin de s\u2019imaginer finir aux urgences.<\/p>\n\n\n\n<p><em>\u00abLa police a d\u00e9barqu\u00e9 d\u2019un coup sans qu\u2019on s\u2019y attende. Ils nous ont encercl\u00e9s, c\u2019\u00e9tait impossible de s\u2019extirper de la nasse&nbsp;\u00bb.<\/em> D\u2019apr\u00e8s Natacha, il y avait beaucoup plus de casques blancs que de manifestant\u00b7es<em>. <\/em>Elle affirme avoir \u00e9t\u00e9 gaz\u00e9e pendant l\u2019intervention \u00ab&nbsp;<em>j\u2019\u00e9tais compl\u00e8tement d\u00e9sorient\u00e9e et tout de suite apr\u00e8s je me suis pris un coup de matraque sur le cr\u00e2ne. Je suis tomb\u00e9e par terre sur quelqu\u2019un qui \u00e9touffait d\u00e9j\u00e0 sous d\u2019autres personnes&nbsp;\u00bb. <\/em>Impossible pour elle de se relever tandis que la nasse se resserrait, elle a finalement pu se redresser gr\u00e2ce aux<em>\u00ab&nbsp;camarades&nbsp;\u00bb, <\/em>c\u2019est \u00e0 ce moment qu\u2019elle a remarqu\u00e9 qu\u2019elle saignait de la t\u00eate. Cette blessure au cuir chevelu s\u2019est av\u00e9r\u00e9e \u00eatre une porte de sortie pour Natacha.<\/p>\n\n\n\n<p>La nasse a dur\u00e9 cinq \u00e0 sept minutes \u00ab\u00a0<em>c\u2019est dur \u00e0 estimer<\/em>\u00a0\u00bb, ensuite les policiers ont emmen\u00e9s les manifestants dans un garage \u00e0 proximit\u00e9 o\u00f9 ces derniers se sont fait \u00ab\u00a0humilier, [<em>les flics<\/em>] <em>nous donnaient des coups dans les jambes pour qu\u2019on se mette en file. Ils vocif\u00e9raient des blagues comme quoi ils n\u2019avaient d\u00e9j\u00e0 plus de lacrymo dans leurs bombes et nous traitaient de sales gauchos\u00a0\u00bb. <\/em>D\u2019apr\u00e8s notre habitu\u00e9e des cort\u00e8ges, il s\u2019agirait presque d\u2019un <em>\u00abmode op\u00e9ratoire\u00a0<\/em>\u00bb, le 14 octobre \u00e9galement les policiers avaient pris des manifestants \u00e0 part et les avaient enferm\u00e9s dans des garages o\u00f9 ils avaient vid\u00e9 leurs bombes lacrymog\u00e8nes pour ensuite distribuer des coups de matraque \u00e0 la vol\u00e9e<em>. <\/em>C\u2019est pour cela qu\u2019elle s\u2019estime \u00ab\u00a0chanceuse\u00a0\u00bb d\u2019avoir \u00e9t\u00e9 bless\u00e9e, cela lui a permis d\u2019aller aux urgences et d\u2019ainsi <em>\u00ab\u00a0fuir les griffes de la police\u00bb.<\/em><\/p>\n\n\n\n<figure class=\"wp-block-pullquote\"><blockquote><p>\u00ab Enl\u00e8ve ton foulard qu\u2019on voit la couleur de ton visage \u00bb<\/p><\/blockquote><\/figure>\n\n\n\n<p>Malgr\u00e9 le sang qui continuait de tacher son cache cou et sa casquette, Natacha a d\u00fb insister avec d\u2019autres manifestants pour \u00eatre prise en charge. Les policiers mena\u00e7aient de ne pas vouloir appeler les ambulances tant qu\u2019elle ne se d\u00e9couvrait pas. L\u2019un a ajout\u00e9 \u00ab <em>enl\u00e8ve ton foulard qu\u2019on voit la couleur de ton visage<\/em>&nbsp;\u00bb. Pour elle \u00ab&nbsp;<em>le sous-entendu raciste \u00e9tait tr\u00e8s clair&nbsp;.<\/em>\u00bb<\/p>\n\n\n\n<p>Les ambulanciers ont fini par arriver, mais l\u00e0 encore des complications ont suivi. En effet, des voitures de police bloquaient la route et ne laissaient pas passer la camionnette jaune. Une fois arriv\u00e9e aux urgences, les infirmiers ont admis \u00ab&nbsp;\u00eatre impressionn\u00e9s de la taille de la plaie&nbsp;\u00bb. Apr\u00e8s quelques heures d\u2019attentes et quatre points de suture, Natacha a enfin pu rentrer chez elle.<\/p>\n\n\n\n<p>Elle a confi\u00e9 ne pas savoir quand elle retournerait manifester. \u00ab<em>J\u2019ai peur de me retrouver \u00e0 nouveau coinc\u00e9e et malmen\u00e9e par la police, mais c\u2019est \u00e7a qu\u2019ils veulent nous faire peur, alors j\u2019esp\u00e8re malgr\u00e9 tout que j\u2019y retournerai et que ce n\u2019\u00e9tait pas mon dernier cort\u00e8ge&nbsp;<\/em>\u00bb. Ce genre de t\u00e9moignage n\u2019est pas un cas isol\u00e9 et est r\u00e9v\u00e9lateur d\u2019un certain laissez-passer vis-\u00e0-vis des violences polici\u00e8res.<\/p>\n\n\n\n<p><strong>D\u00e9masquer certaines libert\u00e9s<\/strong><\/p>\n\n\n\n<p>Au-del\u00e0 m\u00eame des pratiques parfois douteuses des autorit\u00e9s, ces derni\u00e8res prennent des libert\u00e9s pouvant s\u2019av\u00e9rer probl\u00e9matiques. En effet, lors d\u2019interventions les forces de l\u2019ordre ont l&rsquo;obligation d&rsquo;\u00eatre identifiables. C\u2019est ce que sp\u00e9cifie l\u2019article 41 de la loi sur la fonction de police. Pourtant, les matricules de ces derni\u00e8res n\u2019\u00e9taient pas apparents. Certains policiers \u00e9taient m\u00eame masqu\u00e9s. Ainsi, cela rend d\u2019autant plus difficiles les poursuites judiciaires en cas de d\u00e9bordement. Savoir que la police b\u00e9n\u00e9ficie d\u2019une grande impunit\u00e9 dissuade notamment certaines personnes de se rendre dans la rue.<\/p>\n\n\n\n<figure class=\"wp-block-image size-large\"><img fetchpriority=\"high\" decoding=\"async\" width=\"1024\" height=\"683\" src=\"https:\/\/diyamedia.fr\/wp-content\/uploads\/2026\/04\/DSC_0604-1024x683.jpg\" alt=\"\" class=\"wp-image-908\" srcset=\"https:\/\/diyamedia.fr\/wp-content\/uploads\/2026\/04\/DSC_0604-1024x683.jpg 1024w, https:\/\/diyamedia.fr\/wp-content\/uploads\/2026\/04\/DSC_0604-300x200.jpg 300w, https:\/\/diyamedia.fr\/wp-content\/uploads\/2026\/04\/DSC_0604-768x512.jpg 768w, https:\/\/diyamedia.fr\/wp-content\/uploads\/2026\/04\/DSC_0604-1536x1024.jpg 1536w, https:\/\/diyamedia.fr\/wp-content\/uploads\/2026\/04\/DSC_0604-2048x1365.jpg 2048w, https:\/\/diyamedia.fr\/wp-content\/uploads\/2026\/04\/DSC_0604-18x12.jpg 18w, https:\/\/diyamedia.fr\/wp-content\/uploads\/2026\/04\/DSC_0604-1320x880.jpg 1320w\" sizes=\"(max-width: 1024px) 100vw, 1024px\" \/><figcaption class=\"wp-element-caption\">Un policier d\u00e9masqu\u00e9&nbsp;: pas de matricule et le visage couvert, quelque chose \u00e0 cacher&nbsp;? Cr\u00e9dit : Samuelle Rose Heilporn<\/figcaption><\/figure>\n\n\n\n<p>\u00ab&nbsp;<em>En Belgique les autorit\u00e9s accumulent les bavures<\/em>&nbsp;\u00bb, c\u2019\u00e9tait le constat des manifestants le 15 mars lors de la marche \u00e0 l\u2019occasion de la journ\u00e9e internationale de lutte contre les violences polici\u00e8res. Depuis l&rsquo;ann\u00e9e pass\u00e9e, d\u2019autres personnes ont encore perdu la vie au cours d\u2019interventions de la police. Parmi les plus r\u00e9centes, on compte Adama Cond\u00e9, Fabian ou encore Christophe Amine Chollet.<\/p>\n\n\n\n<p>Le droit de manifester \u00e0 Bruxelles semble donc remis en question. le slogan \u00ab&nbsp;<em>\u00e0 bas l\u2019\u00e9tat policier&nbsp;<\/em>\u00bb chouchou des manifestants, para\u00eet de plus en plus appropri\u00e9 au climat autoritaire montant.<\/p>\n\n\n\n<p><\/p>\n\n\n\n<h2 class=\"wp-block-heading\"><\/h2>\n\n\n\n<p><\/p>","protected":false},"excerpt":{"rendered":"<p>\u00abOh merde j\u2019ai d\u00e9j\u00e0 plus de gaz dans ma bombe lacrymog\u00e8ne\u00a0\u00bb s\u2019exclamait un policier lors de la gr\u00e8ve g\u00e9n\u00e9rale du 12 mars.\u00a0Les violences polici\u00e8res en manifestations s\u2019intensifient dans la capitale. \u00ab&nbsp;Tout le monde d\u00e9teste la police&nbsp;\u00bb, si ce slogan est tr\u00e8s fr\u00e9quemment scand\u00e9 dans les cort\u00e8ges, on oublie bien souvent la fin du chant \u00ab&nbsp;et [&hellip;]<\/p>","protected":false},"author":8,"featured_media":907,"comment_status":"open","ping_status":"open","sticky":false,"template":"","format":"standard","meta":{"footnotes":""},"categories":[22,13],"tags":[],"class_list":["post-905","post","type-post","status-publish","format-standard","has-post-thumbnail","hentry","category-politique-redaction","category-societe"],"rttpg_featured_image_url":{"full":["https:\/\/diyamedia.fr\/wp-content\/uploads\/2026\/04\/DSC_0562-1-scaled.jpg",2560,1707,false],"landscape":["https:\/\/diyamedia.fr\/wp-content\/uploads\/2026\/04\/DSC_0562-1-scaled.jpg",2560,1707,false],"portraits":["https:\/\/diyamedia.fr\/wp-content\/uploads\/2026\/04\/DSC_0562-1-scaled.jpg",2560,1707,false],"thumbnail":["https:\/\/diyamedia.fr\/wp-content\/uploads\/2026\/04\/DSC_0562-1-150x150.jpg",150,150,true],"medium":["https:\/\/diyamedia.fr\/wp-content\/uploads\/2026\/04\/DSC_0562-1-300x200.jpg",300,200,true],"large":["https:\/\/diyamedia.fr\/wp-content\/uploads\/2026\/04\/DSC_0562-1-1024x683.jpg",640,427,true],"1536x1536":["https:\/\/diyamedia.fr\/wp-content\/uploads\/2026\/04\/DSC_0562-1-1536x1024.jpg",1536,1024,true],"2048x2048":["https:\/\/diyamedia.fr\/wp-content\/uploads\/2026\/04\/DSC_0562-1-2048x1365.jpg",2048,1365,true],"trp-custom-language-flag":["https:\/\/diyamedia.fr\/wp-content\/uploads\/2026\/04\/DSC_0562-1-18x12.jpg",18,12,true],"mailpoet_newsletter_max":["https:\/\/diyamedia.fr\/wp-content\/uploads\/2026\/04\/DSC_0562-1-1320x880.jpg",1320,880,true],"yarpp-thumbnail":["https:\/\/diyamedia.fr\/wp-content\/uploads\/2026\/04\/DSC_0562-1-120x120.jpg",120,120,true]},"rttpg_author":{"display_name":"Samuelle Rose Heilporn","author_link":"https:\/\/diyamedia.fr\/en\/author\/samuelle-rose-heilporn\/"},"rttpg_comment":0,"rttpg_category":"<a href=\"https:\/\/diyamedia.fr\/en\/category\/redaction\/politique-redaction\/\" rel=\"category tag\">Politique<\/a> <a href=\"https:\/\/diyamedia.fr\/en\/category\/redaction\/societe\/\" rel=\"category tag\">Soci\u00e9t\u00e9<\/a>","rttpg_excerpt":"\u00abOh merde j\u2019ai d\u00e9j\u00e0 plus de gaz dans ma bombe lacrymog\u00e8ne\u00a0\u00bb s\u2019exclamait un policier lors de la gr\u00e8ve g\u00e9n\u00e9rale du 12 mars.\u00a0Les violences polici\u00e8res en manifestations s\u2019intensifient dans la capitale. \u00ab&nbsp;Tout le monde d\u00e9teste la police&nbsp;\u00bb, si ce slogan est tr\u00e8s fr\u00e9quemment scand\u00e9 dans les cort\u00e8ges, on oublie bien souvent la fin du chant \u00ab&nbsp;et&hellip;","_links":{"self":[{"href":"https:\/\/diyamedia.fr\/en\/wp-json\/wp\/v2\/posts\/905","targetHints":{"allow":["GET"]}}],"collection":[{"href":"https:\/\/diyamedia.fr\/en\/wp-json\/wp\/v2\/posts"}],"about":[{"href":"https:\/\/diyamedia.fr\/en\/wp-json\/wp\/v2\/types\/post"}],"author":[{"embeddable":true,"href":"https:\/\/diyamedia.fr\/en\/wp-json\/wp\/v2\/users\/8"}],"replies":[{"embeddable":true,"href":"https:\/\/diyamedia.fr\/en\/wp-json\/wp\/v2\/comments?post=905"}],"version-history":[{"count":4,"href":"https:\/\/diyamedia.fr\/en\/wp-json\/wp\/v2\/posts\/905\/revisions"}],"predecessor-version":[{"id":914,"href":"https:\/\/diyamedia.fr\/en\/wp-json\/wp\/v2\/posts\/905\/revisions\/914"}],"wp:featuredmedia":[{"embeddable":true,"href":"https:\/\/diyamedia.fr\/en\/wp-json\/wp\/v2\/media\/907"}],"wp:attachment":[{"href":"https:\/\/diyamedia.fr\/en\/wp-json\/wp\/v2\/media?parent=905"}],"wp:term":[{"taxonomy":"category","embeddable":true,"href":"https:\/\/diyamedia.fr\/en\/wp-json\/wp\/v2\/categories?post=905"},{"taxonomy":"post_tag","embeddable":true,"href":"https:\/\/diyamedia.fr\/en\/wp-json\/wp\/v2\/tags?post=905"}],"curies":[{"name":"wp","href":"https:\/\/api.w.org\/{rel}","templated":true}]}}